{"id":3718,"date":"2025-08-03T15:55:30","date_gmt":"2025-08-03T15:55:30","guid":{"rendered":"https:\/\/ekoselo-bih.com\/?p=3718"},"modified":"2025-08-03T15:55:32","modified_gmt":"2025-08-03T15:55:32","slug":"u-eko-selu-boracko-jezero-trenutno-se-odrzava-plivacki-kamp-za-ekipu-iz-sarajeva","status":"publish","type":"post","link":"https:\/\/ekoselo-bih.com\/en\/u-eko-selu-boracko-jezero-trenutno-se-odrzava-plivacki-kamp-za-ekipu-iz-sarajeva\/","title":{"rendered":"A swimming camp for a team from Sarajevo is currently being held at Eco Village Bora\u010dko Lake."},"content":{"rendered":"<p>With top-tier conditions for both accommodation and training, participants enjoy a clean, crystal-clear, and exceptionally pleasant lake, ideal for swimming activities.<\/p>\n\n\n\n<p>A perfect blend of nature, sport, and socializing!<\/p>\n\n\n\n<figure class=\"wp-block-gallery has-nested-images columns-default is-cropped wp-block-gallery-1 is-layout-flex wp-block-gallery-is-layout-flex\">\n<figure class=\"wp-block-image size-large\"><img fetchpriority=\"high\" decoding=\"async\" width=\"768\" height=\"1024\" data-id=\"3719\" src=\"https:\/\/ekoselo-bih.com\/wp-content\/uploads\/2025\/08\/viber_image_2025-07-31_18-24-31-924-768x1024.jpg\" alt=\"plivacki kamp\" class=\"wp-image-3719\" srcset=\"https:\/\/ekoselo-bih.com\/wp-content\/uploads\/2025\/08\/viber_image_2025-07-31_18-24-31-924-768x1024.jpg 768w, https:\/\/ekoselo-bih.com\/wp-content\/uploads\/2025\/08\/viber_image_2025-07-31_18-24-31-924-225x300.jpg 225w, https:\/\/ekoselo-bih.com\/wp-content\/uploads\/2025\/08\/viber_image_2025-07-31_18-24-31-924-1152x1536.jpg 1152w, https:\/\/ekoselo-bih.com\/wp-content\/uploads\/2025\/08\/viber_image_2025-07-31_18-24-31-924-9x12.jpg 9w, https:\/\/ekoselo-bih.com\/wp-content\/uploads\/2025\/08\/viber_image_2025-07-31_18-24-31-924.jpg 1200w\" sizes=\"(max-width: 768px) 100vw, 768px\" \/><\/figure>\n\n\n\n<figure class=\"wp-block-image size-large\"><img decoding=\"async\" width=\"1024\" height=\"768\" data-id=\"3720\" src=\"https:\/\/ekoselo-bih.com\/wp-content\/uploads\/2025\/08\/viber_image_2025-07-31_18-24-39-010-1024x768.jpg\" alt=\"plivacki kamp\" class=\"wp-image-3720\" srcset=\"https:\/\/ekoselo-bih.com\/wp-content\/uploads\/2025\/08\/viber_image_2025-07-31_18-24-39-010-1024x768.jpg 1024w, https:\/\/ekoselo-bih.com\/wp-content\/uploads\/2025\/08\/viber_image_2025-07-31_18-24-39-010-300x225.jpg 300w, https:\/\/ekoselo-bih.com\/wp-content\/uploads\/2025\/08\/viber_image_2025-07-31_18-24-39-010-768x576.jpg 768w, https:\/\/ekoselo-bih.com\/wp-content\/uploads\/2025\/08\/viber_image_2025-07-31_18-24-39-010-1536x1152.jpg 1536w, https:\/\/ekoselo-bih.com\/wp-content\/uploads\/2025\/08\/viber_image_2025-07-31_18-24-39-010-16x12.jpg 16w, https:\/\/ekoselo-bih.com\/wp-content\/uploads\/2025\/08\/viber_image_2025-07-31_18-24-39-010.jpg 1600w\" sizes=\"(max-width: 1024px) 100vw, 1024px\" \/><\/figure>\n<\/figure>","protected":false},"excerpt":{"rendered":"<p>Uz vrhunske uslove za boravak i trening, u\u010desnici u\u017eivaju u \u010distom, bistrom i izuzetno ugodnom jezeru \u2013 idealnom za pliva\u010dke aktivnosti. Savr\u0161en spoj prirode, sporta i dru\u017eenja!<\/p>","protected":false},"author":1,"featured_media":3720,"comment_status":"closed","ping_status":"closed","sticky":false,"template":"","format":"standard","meta":{"footnotes":""},"categories":[12],"tags":[],"class_list":["post-3718","post","type-post","status-publish","format-standard","has-post-thumbnail","hentry","category-ekoselo-news"],"yoast_head":"<!-- This site is optimized with the Yoast SEO plugin v27.2 - https:\/\/yoast.com\/product\/yoast-seo-wordpress\/ -->\n<title>U Eko selu Bora\u010dko jezero trenutno se odr\u017eava pliva\u010dki kamp za ekipu iz Sarajeva. - EkoSelo Bora\u010dko jezero<\/title>\n<meta name=\"description\" content=\"Do\u017eivite nezaboravan provod - Posjetite EkoSelo Bora\u010dko jezero!\" \/>\n<meta name=\"robots\" content=\"index, follow, max-snippet:-1, max-image-preview:large, max-video-preview:-1\" \/>\n<link rel=\"canonical\" href=\"https:\/\/ekoselo-bih.com\/en\/u-eko-selu-boracko-jezero-trenutno-se-odrzava-plivacki-kamp-za-ekipu-iz-sarajeva\/\" \/>\n<meta property=\"og:locale\" content=\"en_US\" \/>\n<meta property=\"og:type\" content=\"article\" \/>\n<meta property=\"og:title\" content=\"U Eko selu Bora\u010dko jezero trenutno se odr\u017eava pliva\u010dki kamp za ekipu iz Sarajeva. - EkoSelo Bora\u010dko jezero\" \/>\n<meta property=\"og:description\" content=\"Do\u017eivite nezaboravan provod - Posjetite EkoSelo Bora\u010dko jezero!\" \/>\n<meta property=\"og:url\" content=\"https:\/\/ekoselo-bih.com\/en\/u-eko-selu-boracko-jezero-trenutno-se-odrzava-plivacki-kamp-za-ekipu-iz-sarajeva\/\" \/>\n<meta property=\"og:site_name\" content=\"EkoSelo Bora\u010dko jezero\" \/>\n<meta property=\"article:publisher\" content=\"https:\/\/www.facebook.com\/ekoselo.ba\/?epa=SEARCH_BOX\" \/>\n<meta property=\"article:published_time\" content=\"2025-08-03T15:55:30+00:00\" \/>\n<meta property=\"article:modified_time\" content=\"2025-08-03T15:55:32+00:00\" \/>\n<meta property=\"og:image\" content=\"https:\/\/ekoselo-bih.com\/wp-content\/uploads\/2025\/08\/viber_image_2025-07-31_18-24-39-010.jpg\" \/>\n\t<meta property=\"og:image:width\" content=\"1600\" \/>\n\t<meta property=\"og:image:height\" content=\"1200\" \/>\n\t<meta property=\"og:image:type\" content=\"image\/jpeg\" \/>\n<meta name=\"author\" content=\"Hamza Kar\u010di\u0107\" \/>\n<meta name=\"twitter:card\" content=\"summary_large_image\" \/>\n<meta name=\"twitter:label1\" content=\"Written by\" \/>\n\t<meta name=\"twitter:data1\" content=\"Hamza Kar\u010di\u0107\" \/>\n\t<meta name=\"twitter:label2\" content=\"Est. reading time\" \/>\n\t<meta name=\"twitter:data2\" content=\"1 minute\" \/>\n<script type=\"application\/ld+json\" class=\"yoast-schema-graph\">{\"@context\":\"https:\/\/schema.org\",\"@graph\":[{\"@type\":\"Article\",\"@id\":\"https:\/\/ekoselo-bih.com\/u-eko-selu-boracko-jezero-trenutno-se-odrzava-plivacki-kamp-za-ekipu-iz-sarajeva\/#article\",\"isPartOf\":{\"@id\":\"https:\/\/ekoselo-bih.com\/u-eko-selu-boracko-jezero-trenutno-se-odrzava-plivacki-kamp-za-ekipu-iz-sarajeva\/\"},\"author\":{\"name\":\"Hamza Kar\u010di\u0107\",\"@id\":\"https:\/\/ekoselo-bih.com\/#\/schema\/person\/a25eb4230871e202363f9547e4c0acc1\"},\"headline\":\"U Eko selu Bora\u010dko jezero trenutno se odr\u017eava pliva\u010dki kamp za ekipu iz Sarajeva.\",\"datePublished\":\"2025-08-03T15:55:30+00:00\",\"dateModified\":\"2025-08-03T15:55:32+00:00\",\"mainEntityOfPage\":{\"@id\":\"https:\/\/ekoselo-bih.com\/u-eko-selu-boracko-jezero-trenutno-se-odrzava-plivacki-kamp-za-ekipu-iz-sarajeva\/\"},\"wordCount\":48,\"publisher\":{\"@id\":\"https:\/\/ekoselo-bih.com\/#organization\"},\"image\":{\"@id\":\"https:\/\/ekoselo-bih.com\/u-eko-selu-boracko-jezero-trenutno-se-odrzava-plivacki-kamp-za-ekipu-iz-sarajeva\/#primaryimage\"},\"thumbnailUrl\":\"https:\/\/ekoselo-bih.com\/wp-content\/uploads\/2025\/08\/viber_image_2025-07-31_18-24-39-010.jpg\",\"articleSection\":[\"Eko Selo Bora\u010dko jezero\"],\"inLanguage\":\"en-US\"},{\"@type\":\"WebPage\",\"@id\":\"https:\/\/ekoselo-bih.com\/u-eko-selu-boracko-jezero-trenutno-se-odrzava-plivacki-kamp-za-ekipu-iz-sarajeva\/\",\"url\":\"https:\/\/ekoselo-bih.com\/u-eko-selu-boracko-jezero-trenutno-se-odrzava-plivacki-kamp-za-ekipu-iz-sarajeva\/\",\"name\":\"U Eko selu Bora\u010dko jezero trenutno se odr\u017eava pliva\u010dki kamp za ekipu iz Sarajeva. - EkoSelo Bora\u010dko jezero\",\"isPartOf\":{\"@id\":\"https:\/\/ekoselo-bih.com\/#website\"},\"primaryImageOfPage\":{\"@id\":\"https:\/\/ekoselo-bih.com\/u-eko-selu-boracko-jezero-trenutno-se-odrzava-plivacki-kamp-za-ekipu-iz-sarajeva\/#primaryimage\"},\"image\":{\"@id\":\"https:\/\/ekoselo-bih.com\/u-eko-selu-boracko-jezero-trenutno-se-odrzava-plivacki-kamp-za-ekipu-iz-sarajeva\/#primaryimage\"},\"thumbnailUrl\":\"https:\/\/ekoselo-bih.com\/wp-content\/uploads\/2025\/08\/viber_image_2025-07-31_18-24-39-010.jpg\",\"datePublished\":\"2025-08-03T15:55:30+00:00\",\"dateModified\":\"2025-08-03T15:55:32+00:00\",\"description\":\"Do\u017eivite nezaboravan provod - Posjetite EkoSelo Bora\u010dko jezero!\",\"breadcrumb\":{\"@id\":\"https:\/\/ekoselo-bih.com\/u-eko-selu-boracko-jezero-trenutno-se-odrzava-plivacki-kamp-za-ekipu-iz-sarajeva\/#breadcrumb\"},\"inLanguage\":\"en-US\",\"potentialAction\":[{\"@type\":\"ReadAction\",\"target\":[\"https:\/\/ekoselo-bih.com\/u-eko-selu-boracko-jezero-trenutno-se-odrzava-plivacki-kamp-za-ekipu-iz-sarajeva\/\"]}]},{\"@type\":\"ImageObject\",\"inLanguage\":\"en-US\",\"@id\":\"https:\/\/ekoselo-bih.com\/u-eko-selu-boracko-jezero-trenutno-se-odrzava-plivacki-kamp-za-ekipu-iz-sarajeva\/#primaryimage\",\"url\":\"https:\/\/ekoselo-bih.com\/wp-content\/uploads\/2025\/08\/viber_image_2025-07-31_18-24-39-010.jpg\",\"contentUrl\":\"https:\/\/ekoselo-bih.com\/wp-content\/uploads\/2025\/08\/viber_image_2025-07-31_18-24-39-010.jpg\",\"width\":1600,\"height\":1200,\"caption\":\"plivacki kamp\"},{\"@type\":\"BreadcrumbList\",\"@id\":\"https:\/\/ekoselo-bih.com\/u-eko-selu-boracko-jezero-trenutno-se-odrzava-plivacki-kamp-za-ekipu-iz-sarajeva\/#breadcrumb\",\"itemListElement\":[{\"@type\":\"ListItem\",\"position\":1,\"name\":\"Home\",\"item\":\"https:\/\/ekoselo-bih.com\/\"},{\"@type\":\"ListItem\",\"position\":2,\"name\":\"U Eko selu Bora\u010dko jezero trenutno se odr\u017eava pliva\u010dki kamp za ekipu iz Sarajeva.\"}]},{\"@type\":\"WebSite\",\"@id\":\"https:\/\/ekoselo-bih.com\/#website\",\"url\":\"https:\/\/ekoselo-bih.com\/\",\"name\":\"EkoSelo Bora\u010dko jezero\",\"description\":\"Posjetite EkoSelo Bora\u010dko jezero i do\u017eivite nezaboravan provod\",\"publisher\":{\"@id\":\"https:\/\/ekoselo-bih.com\/#organization\"},\"potentialAction\":[{\"@type\":\"SearchAction\",\"target\":{\"@type\":\"EntryPoint\",\"urlTemplate\":\"https:\/\/ekoselo-bih.com\/?s={search_term_string}\"},\"query-input\":{\"@type\":\"PropertyValueSpecification\",\"valueRequired\":true,\"valueName\":\"search_term_string\"}}],\"inLanguage\":\"en-US\"},{\"@type\":\"Organization\",\"@id\":\"https:\/\/ekoselo-bih.com\/#organization\",\"name\":\"EkoSelo Bora\u010dko jezero\",\"url\":\"https:\/\/ekoselo-bih.com\/\",\"logo\":{\"@type\":\"ImageObject\",\"inLanguage\":\"en-US\",\"@id\":\"https:\/\/ekoselo-bih.com\/#\/schema\/logo\/image\/\",\"url\":\"https:\/\/ekoselo-bih.com\/wp-content\/uploads\/2020\/02\/logo-1.png\",\"contentUrl\":\"https:\/\/ekoselo-bih.com\/wp-content\/uploads\/2020\/02\/logo-1.png\",\"width\":177,\"height\":109,\"caption\":\"EkoSelo Bora\u010dko jezero\"},\"image\":{\"@id\":\"https:\/\/ekoselo-bih.com\/#\/schema\/logo\/image\/\"},\"sameAs\":[\"https:\/\/www.facebook.com\/ekoselo.ba\/?epa=SEARCH_BOX\",\"https:\/\/www.instagram.com\/ekoseloborackojezero\/\"]},{\"@type\":\"Person\",\"@id\":\"https:\/\/ekoselo-bih.com\/#\/schema\/person\/a25eb4230871e202363f9547e4c0acc1\",\"name\":\"Hamza Kar\u010di\u0107\"}]}<\/script>\n<!-- \/ Yoast SEO plugin. -->","yoast_head_json":{"title":"U Eko selu Bora\u010dko jezero trenutno se odr\u017eava pliva\u010dki kamp za ekipu iz Sarajeva. - EkoSelo Bora\u010dko jezero","description":"Do\u017eivite nezaboravan provod - Posjetite EkoSelo Bora\u010dko jezero!","robots":{"index":"index","follow":"follow","max-snippet":"max-snippet:-1","max-image-preview":"max-image-preview:large","max-video-preview":"max-video-preview:-1"},"canonical":"https:\/\/ekoselo-bih.com\/en\/u-eko-selu-boracko-jezero-trenutno-se-odrzava-plivacki-kamp-za-ekipu-iz-sarajeva\/","og_locale":"en_US","og_type":"article","og_title":"U Eko selu Bora\u010dko jezero trenutno se odr\u017eava pliva\u010dki kamp za ekipu iz Sarajeva. - EkoSelo Bora\u010dko jezero","og_description":"Do\u017eivite nezaboravan provod - Posjetite EkoSelo Bora\u010dko jezero!","og_url":"https:\/\/ekoselo-bih.com\/en\/u-eko-selu-boracko-jezero-trenutno-se-odrzava-plivacki-kamp-za-ekipu-iz-sarajeva\/","og_site_name":"EkoSelo Bora\u010dko jezero","article_publisher":"https:\/\/www.facebook.com\/ekoselo.ba\/?epa=SEARCH_BOX","article_published_time":"2025-08-03T15:55:30+00:00","article_modified_time":"2025-08-03T15:55:32+00:00","og_image":[{"width":1600,"height":1200,"url":"https:\/\/ekoselo-bih.com\/wp-content\/uploads\/2025\/08\/viber_image_2025-07-31_18-24-39-010.jpg","type":"image\/jpeg"}],"author":"Hamza Kar\u010di\u0107","twitter_card":"summary_large_image","twitter_misc":{"Written by":"Hamza Kar\u010di\u0107","Est. reading time":"1 minute"},"schema":{"@context":"https:\/\/schema.org","@graph":[{"@type":"Article","@id":"https:\/\/ekoselo-bih.com\/u-eko-selu-boracko-jezero-trenutno-se-odrzava-plivacki-kamp-za-ekipu-iz-sarajeva\/#article","isPartOf":{"@id":"https:\/\/ekoselo-bih.com\/u-eko-selu-boracko-jezero-trenutno-se-odrzava-plivacki-kamp-za-ekipu-iz-sarajeva\/"},"author":{"name":"Hamza Kar\u010di\u0107","@id":"https:\/\/ekoselo-bih.com\/#\/schema\/person\/a25eb4230871e202363f9547e4c0acc1"},"headline":"U Eko selu Bora\u010dko jezero trenutno se odr\u017eava pliva\u010dki kamp za ekipu iz Sarajeva.","datePublished":"2025-08-03T15:55:30+00:00","dateModified":"2025-08-03T15:55:32+00:00","mainEntityOfPage":{"@id":"https:\/\/ekoselo-bih.com\/u-eko-selu-boracko-jezero-trenutno-se-odrzava-plivacki-kamp-za-ekipu-iz-sarajeva\/"},"wordCount":48,"publisher":{"@id":"https:\/\/ekoselo-bih.com\/#organization"},"image":{"@id":"https:\/\/ekoselo-bih.com\/u-eko-selu-boracko-jezero-trenutno-se-odrzava-plivacki-kamp-za-ekipu-iz-sarajeva\/#primaryimage"},"thumbnailUrl":"https:\/\/ekoselo-bih.com\/wp-content\/uploads\/2025\/08\/viber_image_2025-07-31_18-24-39-010.jpg","articleSection":["Eko Selo Bora\u010dko jezero"],"inLanguage":"en-US"},{"@type":"WebPage","@id":"https:\/\/ekoselo-bih.com\/u-eko-selu-boracko-jezero-trenutno-se-odrzava-plivacki-kamp-za-ekipu-iz-sarajeva\/","url":"https:\/\/ekoselo-bih.com\/u-eko-selu-boracko-jezero-trenutno-se-odrzava-plivacki-kamp-za-ekipu-iz-sarajeva\/","name":"U Eko selu Bora\u010dko jezero trenutno se odr\u017eava pliva\u010dki kamp za ekipu iz Sarajeva. - EkoSelo Bora\u010dko jezero","isPartOf":{"@id":"https:\/\/ekoselo-bih.com\/#website"},"primaryImageOfPage":{"@id":"https:\/\/ekoselo-bih.com\/u-eko-selu-boracko-jezero-trenutno-se-odrzava-plivacki-kamp-za-ekipu-iz-sarajeva\/#primaryimage"},"image":{"@id":"https:\/\/ekoselo-bih.com\/u-eko-selu-boracko-jezero-trenutno-se-odrzava-plivacki-kamp-za-ekipu-iz-sarajeva\/#primaryimage"},"thumbnailUrl":"https:\/\/ekoselo-bih.com\/wp-content\/uploads\/2025\/08\/viber_image_2025-07-31_18-24-39-010.jpg","datePublished":"2025-08-03T15:55:30+00:00","dateModified":"2025-08-03T15:55:32+00:00","description":"Do\u017eivite nezaboravan provod - Posjetite EkoSelo Bora\u010dko jezero!","breadcrumb":{"@id":"https:\/\/ekoselo-bih.com\/u-eko-selu-boracko-jezero-trenutno-se-odrzava-plivacki-kamp-za-ekipu-iz-sarajeva\/#breadcrumb"},"inLanguage":"en-US","potentialAction":[{"@type":"ReadAction","target":["https:\/\/ekoselo-bih.com\/u-eko-selu-boracko-jezero-trenutno-se-odrzava-plivacki-kamp-za-ekipu-iz-sarajeva\/"]}]},{"@type":"ImageObject","inLanguage":"en-US","@id":"https:\/\/ekoselo-bih.com\/u-eko-selu-boracko-jezero-trenutno-se-odrzava-plivacki-kamp-za-ekipu-iz-sarajeva\/#primaryimage","url":"https:\/\/ekoselo-bih.com\/wp-content\/uploads\/2025\/08\/viber_image_2025-07-31_18-24-39-010.jpg","contentUrl":"https:\/\/ekoselo-bih.com\/wp-content\/uploads\/2025\/08\/viber_image_2025-07-31_18-24-39-010.jpg","width":1600,"height":1200,"caption":"plivacki kamp"},{"@type":"BreadcrumbList","@id":"https:\/\/ekoselo-bih.com\/u-eko-selu-boracko-jezero-trenutno-se-odrzava-plivacki-kamp-za-ekipu-iz-sarajeva\/#breadcrumb","itemListElement":[{"@type":"ListItem","position":1,"name":"Home","item":"https:\/\/ekoselo-bih.com\/"},{"@type":"ListItem","position":2,"name":"U Eko selu Bora\u010dko jezero trenutno se odr\u017eava pliva\u010dki kamp za ekipu iz Sarajeva."}]},{"@type":"WebSite","@id":"https:\/\/ekoselo-bih.com\/#website","url":"https:\/\/ekoselo-bih.com\/","name":"EkoSelo Bora\u010dko jezero","description":"Posjetite EkoSelo Bora\u010dko jezero i do\u017eivite nezaboravan provod","publisher":{"@id":"https:\/\/ekoselo-bih.com\/#organization"},"potentialAction":[{"@type":"SearchAction","target":{"@type":"EntryPoint","urlTemplate":"https:\/\/ekoselo-bih.com\/?s={search_term_string}"},"query-input":{"@type":"PropertyValueSpecification","valueRequired":true,"valueName":"search_term_string"}}],"inLanguage":"en-US"},{"@type":"Organization","@id":"https:\/\/ekoselo-bih.com\/#organization","name":"EkoSelo Bora\u010dko jezero","url":"https:\/\/ekoselo-bih.com\/","logo":{"@type":"ImageObject","inLanguage":"en-US","@id":"https:\/\/ekoselo-bih.com\/#\/schema\/logo\/image\/","url":"https:\/\/ekoselo-bih.com\/wp-content\/uploads\/2020\/02\/logo-1.png","contentUrl":"https:\/\/ekoselo-bih.com\/wp-content\/uploads\/2020\/02\/logo-1.png","width":177,"height":109,"caption":"EkoSelo Bora\u010dko jezero"},"image":{"@id":"https:\/\/ekoselo-bih.com\/#\/schema\/logo\/image\/"},"sameAs":["https:\/\/www.facebook.com\/ekoselo.ba\/?epa=SEARCH_BOX","https:\/\/www.instagram.com\/ekoseloborackojezero\/"]},{"@type":"Person","@id":"https:\/\/ekoselo-bih.com\/#\/schema\/person\/a25eb4230871e202363f9547e4c0acc1","name":"Hamza Kar\u010di\u0107"}]}},"_links":{"self":[{"href":"https:\/\/ekoselo-bih.com\/en\/wp-json\/wp\/v2\/posts\/3718","targetHints":{"allow":["GET"]}}],"collection":[{"href":"https:\/\/ekoselo-bih.com\/en\/wp-json\/wp\/v2\/posts"}],"about":[{"href":"https:\/\/ekoselo-bih.com\/en\/wp-json\/wp\/v2\/types\/post"}],"author":[{"embeddable":true,"href":"https:\/\/ekoselo-bih.com\/en\/wp-json\/wp\/v2\/users\/1"}],"replies":[{"embeddable":true,"href":"https:\/\/ekoselo-bih.com\/en\/wp-json\/wp\/v2\/comments?post=3718"}],"version-history":[{"count":1,"href":"https:\/\/ekoselo-bih.com\/en\/wp-json\/wp\/v2\/posts\/3718\/revisions"}],"predecessor-version":[{"id":3721,"href":"https:\/\/ekoselo-bih.com\/en\/wp-json\/wp\/v2\/posts\/3718\/revisions\/3721"}],"wp:featuredmedia":[{"embeddable":true,"href":"https:\/\/ekoselo-bih.com\/en\/wp-json\/wp\/v2\/media\/3720"}],"wp:attachment":[{"href":"https:\/\/ekoselo-bih.com\/en\/wp-json\/wp\/v2\/media?parent=3718"}],"wp:term":[{"taxonomy":"category","embeddable":true,"href":"https:\/\/ekoselo-bih.com\/en\/wp-json\/wp\/v2\/categories?post=3718"},{"taxonomy":"post_tag","embeddable":true,"href":"https:\/\/ekoselo-bih.com\/en\/wp-json\/wp\/v2\/tags?post=3718"}],"curies":[{"name":"wp","href":"https:\/\/api.w.org\/{rel}","templated":true}]}}