{"id":3723,"date":"2025-09-01T13:28:55","date_gmt":"2025-09-01T13:28:55","guid":{"rendered":"https:\/\/ekoselo-bih.com\/?p=3723"},"modified":"2025-09-01T13:32:39","modified_gmt":"2025-09-01T13:32:39","slug":"opcina-novo-sarajevo-2025","status":"publish","type":"post","link":"https:\/\/ekoselo-bih.com\/en\/opcina-novo-sarajevo-2025\/","title":{"rendered":"Successfully organized a one-day trip for guests of the Novo Sarajevo Municipality (2025)."},"content":{"rendered":"<p class=\"translation-block\"><img height=\"16\" width=\"16\" alt=\"\ud83d\ude4f\" src=\"https:\/\/static.xx.fbcdn.net\/images\/emoji.php\/v9\/t80\/1\/16\/1f64f.png\" class=\"\"> It is our great honor that this year again we had the opportunity to host the families of martyrs and fallen soldiers, war veterans with disabilities, and recipients of the highest wartime honors from the Municipality of Novo Sarajevo.<a target=\"_self\"><\/a><\/p>\n\n\n\n<p>We extend special thanks to Mayor Benjamina Kari\u0107 for the trust and support shown, as well as to all participants for the warmth, companionship, and positive energy with which they filled our Eco Village and Bora\u010dko Lake. <img decoding=\"async\" height=\"16\" width=\"16\" alt=\"\ud83d\udc9a\" src=\"https:\/\/static.xx.fbcdn.net\/images\/emoji.php\/v9\/t94\/1\/16\/1f49a.png\"><\/p>\n\n\n\n<p>Nature, laughter, and togetherness \u2013 exactly what always reminds us of true values.<\/p>\n\n\n\n<iframe src=\"https:\/\/www.facebook.com\/plugins\/post.php?href=https%3A%2F%2Fwww.facebook.com%2Fphoto.php%3Ffbid%3D1154731403375187%26set%3Da.255622273286109%26type%3D3&#038;show_text=true&#038;width=500\" width=\"500\" height=\"786\" style=\"border:none;overflow:hidden\" scrolling=\"no\" frameborder=\"0\" allowfullscreen=\"true\" allow=\"autoplay; clipboard-write; encrypted-media; picture-in-picture; web-share\"><\/iframe>\n\n\n\n<figure class=\"wp-block-gallery has-nested-images columns-2 is-cropped wp-block-gallery-1 is-layout-flex wp-block-gallery-is-layout-flex\">\n<figure class=\"wp-block-image size-large\"><img fetchpriority=\"high\" decoding=\"async\" width=\"1024\" height=\"768\" data-id=\"3728\" src=\"https:\/\/ekoselo-bih.com\/wp-content\/uploads\/2025\/09\/opcinanovosarajevo.jpg-1024x768.jpg\" alt=\"\" class=\"wp-image-3728\" srcset=\"https:\/\/ekoselo-bih.com\/wp-content\/uploads\/2025\/09\/opcinanovosarajevo.jpg-1024x768.jpg 1024w, https:\/\/ekoselo-bih.com\/wp-content\/uploads\/2025\/09\/opcinanovosarajevo.jpg-300x225.jpg 300w, https:\/\/ekoselo-bih.com\/wp-content\/uploads\/2025\/09\/opcinanovosarajevo.jpg-768x576.jpg 768w, https:\/\/ekoselo-bih.com\/wp-content\/uploads\/2025\/09\/opcinanovosarajevo.jpg-1536x1152.jpg 1536w, https:\/\/ekoselo-bih.com\/wp-content\/uploads\/2025\/09\/opcinanovosarajevo.jpg-16x12.jpg 16w, https:\/\/ekoselo-bih.com\/wp-content\/uploads\/2025\/09\/opcinanovosarajevo.jpg.jpg 1600w\" sizes=\"(max-width: 1024px) 100vw, 1024px\" \/><\/figure>\n\n\n\n<figure class=\"wp-block-image size-large\"><img loading=\"lazy\" decoding=\"async\" width=\"1024\" height=\"768\" data-id=\"3727\" src=\"https:\/\/ekoselo-bih.com\/wp-content\/uploads\/2025\/09\/opcinanovosarajevo-1024x768.jpg\" alt=\"\" class=\"wp-image-3727\" srcset=\"https:\/\/ekoselo-bih.com\/wp-content\/uploads\/2025\/09\/opcinanovosarajevo-1024x768.jpg 1024w, https:\/\/ekoselo-bih.com\/wp-content\/uploads\/2025\/09\/opcinanovosarajevo-300x225.jpg 300w, https:\/\/ekoselo-bih.com\/wp-content\/uploads\/2025\/09\/opcinanovosarajevo-768x576.jpg 768w, https:\/\/ekoselo-bih.com\/wp-content\/uploads\/2025\/09\/opcinanovosarajevo-1536x1152.jpg 1536w, https:\/\/ekoselo-bih.com\/wp-content\/uploads\/2025\/09\/opcinanovosarajevo-16x12.jpg 16w, https:\/\/ekoselo-bih.com\/wp-content\/uploads\/2025\/09\/opcinanovosarajevo.jpg 1600w\" sizes=\"(max-width: 1024px) 100vw, 1024px\" \/><\/figure>\n\n\n\n<figure class=\"wp-block-image size-large\"><img loading=\"lazy\" decoding=\"async\" width=\"1024\" height=\"768\" data-id=\"3729\" src=\"https:\/\/ekoselo-bih.com\/wp-content\/uploads\/2025\/09\/opcinanovosarajevo.jpg-2-1024x768.jpg\" alt=\"\" class=\"wp-image-3729\" srcset=\"https:\/\/ekoselo-bih.com\/wp-content\/uploads\/2025\/09\/opcinanovosarajevo.jpg-2-1024x768.jpg 1024w, https:\/\/ekoselo-bih.com\/wp-content\/uploads\/2025\/09\/opcinanovosarajevo.jpg-2-300x225.jpg 300w, https:\/\/ekoselo-bih.com\/wp-content\/uploads\/2025\/09\/opcinanovosarajevo.jpg-2-768x576.jpg 768w, https:\/\/ekoselo-bih.com\/wp-content\/uploads\/2025\/09\/opcinanovosarajevo.jpg-2-1536x1152.jpg 1536w, https:\/\/ekoselo-bih.com\/wp-content\/uploads\/2025\/09\/opcinanovosarajevo.jpg-2-16x12.jpg 16w, https:\/\/ekoselo-bih.com\/wp-content\/uploads\/2025\/09\/opcinanovosarajevo.jpg-2.jpg 1600w\" sizes=\"(max-width: 1024px) 100vw, 1024px\" \/><\/figure>\n<\/figure>\n\n\n\n<p><a href=\"https:\/\/novosarajevo.ba\">https:\/\/novosarajevo.ba<\/a><\/p>","protected":false},"excerpt":{"rendered":"<p>Velika nam je \u010dast \u0161to smo i ove godine imali priliku ugostiti \u010dlanove porodica \u0161ehida i poginulih boraca, ratne vojne invalide i nosioce najvi\u0161ih ratnih priznanja iz Op\u0107ine Novo Sarajevo. Posebnu zahvalnost upu\u0107ujemo na\u010delnici BenjaminI Kari\u0107 na ukazanom povjerenju i podr\u0161ci, kao i svim u\u010desnicima na toplini, dru\u017eenju i pozitivnoj energiji kojom su ispunili na\u0161e [&hellip;]<\/p>\n","protected":false},"author":1,"featured_media":3728,"comment_status":"closed","ping_status":"closed","sticky":false,"template":"","format":"standard","meta":{"footnotes":""},"categories":[12],"tags":[],"class_list":["post-3723","post","type-post","status-publish","format-standard","has-post-thumbnail","hentry","category-ekoselo-news"],"yoast_head":"<!-- This site is optimized with the Yoast SEO plugin v27.2 - https:\/\/yoast.com\/product\/yoast-seo-wordpress\/ -->\n<title>Jednodnevni izlet Op\u0107ine Novo Sarajevo 2025.<\/title>\n<meta name=\"description\" content=\"Posebnu zahvalnost upu\u0107ujemo na\u010delnici BenjaminI Kari\u0107 na ukazanom povjerenju i podr\u0161ci, kao i svim u\u010desnicima na pozitivi i dru\u017eenju.\" \/>\n<meta name=\"robots\" content=\"index, follow, max-snippet:-1, max-image-preview:large, max-video-preview:-1\" \/>\n<link rel=\"canonical\" href=\"https:\/\/ekoselo-bih.com\/en\/opcina-novo-sarajevo-2025\/\" \/>\n<meta property=\"og:locale\" content=\"en_US\" \/>\n<meta property=\"og:type\" content=\"article\" \/>\n<meta property=\"og:title\" content=\"Jednodnevni izlet Op\u0107ine Novo Sarajevo 2025.\" \/>\n<meta property=\"og:description\" content=\"Posebnu zahvalnost upu\u0107ujemo na\u010delnici BenjaminI Kari\u0107 na ukazanom povjerenju i podr\u0161ci, kao i svim u\u010desnicima na pozitivi i dru\u017eenju.\" \/>\n<meta property=\"og:url\" content=\"https:\/\/ekoselo-bih.com\/en\/opcina-novo-sarajevo-2025\/\" \/>\n<meta property=\"og:site_name\" content=\"EkoSelo Bora\u010dko jezero\" \/>\n<meta property=\"article:publisher\" content=\"https:\/\/www.facebook.com\/ekoselo.ba\/?epa=SEARCH_BOX\" \/>\n<meta property=\"article:published_time\" content=\"2025-09-01T13:28:55+00:00\" \/>\n<meta property=\"article:modified_time\" content=\"2025-09-01T13:32:39+00:00\" \/>\n<meta property=\"og:image\" content=\"https:\/\/ekoselo-bih.com\/wp-content\/uploads\/2025\/09\/opcinanovosarajevo.jpg.jpg\" \/>\n\t<meta property=\"og:image:width\" content=\"1600\" \/>\n\t<meta property=\"og:image:height\" content=\"1200\" \/>\n\t<meta property=\"og:image:type\" content=\"image\/jpeg\" \/>\n<meta name=\"author\" content=\"Hamza Kar\u010di\u0107\" \/>\n<meta name=\"twitter:card\" content=\"summary_large_image\" \/>\n<meta name=\"twitter:label1\" content=\"Written by\" \/>\n\t<meta name=\"twitter:data1\" content=\"Hamza Kar\u010di\u0107\" \/>\n\t<meta name=\"twitter:label2\" content=\"Est. reading time\" \/>\n\t<meta name=\"twitter:data2\" content=\"2 minutes\" \/>\n<script type=\"application\/ld+json\" class=\"yoast-schema-graph\">{\"@context\":\"https:\/\/schema.org\",\"@graph\":[{\"@type\":\"Article\",\"@id\":\"https:\/\/ekoselo-bih.com\/opcina-novo-sarajevo-2025\/#article\",\"isPartOf\":{\"@id\":\"https:\/\/ekoselo-bih.com\/opcina-novo-sarajevo-2025\/\"},\"author\":{\"name\":\"Hamza Kar\u010di\u0107\",\"@id\":\"https:\/\/ekoselo-bih.com\/#\/schema\/person\/a25eb4230871e202363f9547e4c0acc1\"},\"headline\":\"Uspje\u0161no organizovan jednodnevni izlet za goste Op\u0107ine Novo Sarajevo 2025.\",\"datePublished\":\"2025-09-01T13:28:55+00:00\",\"dateModified\":\"2025-09-01T13:32:39+00:00\",\"mainEntityOfPage\":{\"@id\":\"https:\/\/ekoselo-bih.com\/opcina-novo-sarajevo-2025\/\"},\"wordCount\":98,\"publisher\":{\"@id\":\"https:\/\/ekoselo-bih.com\/#organization\"},\"image\":{\"@id\":\"https:\/\/ekoselo-bih.com\/opcina-novo-sarajevo-2025\/#primaryimage\"},\"thumbnailUrl\":\"https:\/\/ekoselo-bih.com\/wp-content\/uploads\/2025\/09\/opcinanovosarajevo.jpg.jpg\",\"articleSection\":[\"Eko Selo Bora\u010dko jezero\"],\"inLanguage\":\"en-US\"},{\"@type\":\"WebPage\",\"@id\":\"https:\/\/ekoselo-bih.com\/opcina-novo-sarajevo-2025\/\",\"url\":\"https:\/\/ekoselo-bih.com\/opcina-novo-sarajevo-2025\/\",\"name\":\"Jednodnevni izlet Op\u0107ine Novo Sarajevo 2025.\",\"isPartOf\":{\"@id\":\"https:\/\/ekoselo-bih.com\/#website\"},\"primaryImageOfPage\":{\"@id\":\"https:\/\/ekoselo-bih.com\/opcina-novo-sarajevo-2025\/#primaryimage\"},\"image\":{\"@id\":\"https:\/\/ekoselo-bih.com\/opcina-novo-sarajevo-2025\/#primaryimage\"},\"thumbnailUrl\":\"https:\/\/ekoselo-bih.com\/wp-content\/uploads\/2025\/09\/opcinanovosarajevo.jpg.jpg\",\"datePublished\":\"2025-09-01T13:28:55+00:00\",\"dateModified\":\"2025-09-01T13:32:39+00:00\",\"description\":\"Posebnu zahvalnost upu\u0107ujemo na\u010delnici BenjaminI Kari\u0107 na ukazanom povjerenju i podr\u0161ci, kao i svim u\u010desnicima na pozitivi i dru\u017eenju.\",\"breadcrumb\":{\"@id\":\"https:\/\/ekoselo-bih.com\/opcina-novo-sarajevo-2025\/#breadcrumb\"},\"inLanguage\":\"en-US\",\"potentialAction\":[{\"@type\":\"ReadAction\",\"target\":[\"https:\/\/ekoselo-bih.com\/opcina-novo-sarajevo-2025\/\"]}]},{\"@type\":\"ImageObject\",\"inLanguage\":\"en-US\",\"@id\":\"https:\/\/ekoselo-bih.com\/opcina-novo-sarajevo-2025\/#primaryimage\",\"url\":\"https:\/\/ekoselo-bih.com\/wp-content\/uploads\/2025\/09\/opcinanovosarajevo.jpg.jpg\",\"contentUrl\":\"https:\/\/ekoselo-bih.com\/wp-content\/uploads\/2025\/09\/opcinanovosarajevo.jpg.jpg\",\"width\":1600,\"height\":1200},{\"@type\":\"BreadcrumbList\",\"@id\":\"https:\/\/ekoselo-bih.com\/opcina-novo-sarajevo-2025\/#breadcrumb\",\"itemListElement\":[{\"@type\":\"ListItem\",\"position\":1,\"name\":\"Home\",\"item\":\"https:\/\/ekoselo-bih.com\/\"},{\"@type\":\"ListItem\",\"position\":2,\"name\":\"Uspje\u0161no organizovan jednodnevni izlet za goste Op\u0107ine Novo Sarajevo 2025.\"}]},{\"@type\":\"WebSite\",\"@id\":\"https:\/\/ekoselo-bih.com\/#website\",\"url\":\"https:\/\/ekoselo-bih.com\/\",\"name\":\"EkoSelo Bora\u010dko jezero\",\"description\":\"Posjetite EkoSelo Bora\u010dko jezero i do\u017eivite nezaboravan provod\",\"publisher\":{\"@id\":\"https:\/\/ekoselo-bih.com\/#organization\"},\"potentialAction\":[{\"@type\":\"SearchAction\",\"target\":{\"@type\":\"EntryPoint\",\"urlTemplate\":\"https:\/\/ekoselo-bih.com\/?s={search_term_string}\"},\"query-input\":{\"@type\":\"PropertyValueSpecification\",\"valueRequired\":true,\"valueName\":\"search_term_string\"}}],\"inLanguage\":\"en-US\"},{\"@type\":\"Organization\",\"@id\":\"https:\/\/ekoselo-bih.com\/#organization\",\"name\":\"EkoSelo Bora\u010dko jezero\",\"url\":\"https:\/\/ekoselo-bih.com\/\",\"logo\":{\"@type\":\"ImageObject\",\"inLanguage\":\"en-US\",\"@id\":\"https:\/\/ekoselo-bih.com\/#\/schema\/logo\/image\/\",\"url\":\"https:\/\/ekoselo-bih.com\/wp-content\/uploads\/2020\/02\/logo-1.png\",\"contentUrl\":\"https:\/\/ekoselo-bih.com\/wp-content\/uploads\/2020\/02\/logo-1.png\",\"width\":177,\"height\":109,\"caption\":\"EkoSelo Bora\u010dko jezero\"},\"image\":{\"@id\":\"https:\/\/ekoselo-bih.com\/#\/schema\/logo\/image\/\"},\"sameAs\":[\"https:\/\/www.facebook.com\/ekoselo.ba\/?epa=SEARCH_BOX\",\"https:\/\/www.instagram.com\/ekoseloborackojezero\/\"]},{\"@type\":\"Person\",\"@id\":\"https:\/\/ekoselo-bih.com\/#\/schema\/person\/a25eb4230871e202363f9547e4c0acc1\",\"name\":\"Hamza Kar\u010di\u0107\"}]}<\/script>\n<!-- \/ Yoast SEO plugin. -->","yoast_head_json":{"title":"Jednodnevni izlet Op\u0107ine Novo Sarajevo 2025.","description":"Posebnu zahvalnost upu\u0107ujemo na\u010delnici BenjaminI Kari\u0107 na ukazanom povjerenju i podr\u0161ci, kao i svim u\u010desnicima na pozitivi i dru\u017eenju.","robots":{"index":"index","follow":"follow","max-snippet":"max-snippet:-1","max-image-preview":"max-image-preview:large","max-video-preview":"max-video-preview:-1"},"canonical":"https:\/\/ekoselo-bih.com\/en\/opcina-novo-sarajevo-2025\/","og_locale":"en_US","og_type":"article","og_title":"Jednodnevni izlet Op\u0107ine Novo Sarajevo 2025.","og_description":"Posebnu zahvalnost upu\u0107ujemo na\u010delnici BenjaminI Kari\u0107 na ukazanom povjerenju i podr\u0161ci, kao i svim u\u010desnicima na pozitivi i dru\u017eenju.","og_url":"https:\/\/ekoselo-bih.com\/en\/opcina-novo-sarajevo-2025\/","og_site_name":"EkoSelo Bora\u010dko jezero","article_publisher":"https:\/\/www.facebook.com\/ekoselo.ba\/?epa=SEARCH_BOX","article_published_time":"2025-09-01T13:28:55+00:00","article_modified_time":"2025-09-01T13:32:39+00:00","og_image":[{"width":1600,"height":1200,"url":"https:\/\/ekoselo-bih.com\/wp-content\/uploads\/2025\/09\/opcinanovosarajevo.jpg.jpg","type":"image\/jpeg"}],"author":"Hamza Kar\u010di\u0107","twitter_card":"summary_large_image","twitter_misc":{"Written by":"Hamza Kar\u010di\u0107","Est. reading time":"2 minutes"},"schema":{"@context":"https:\/\/schema.org","@graph":[{"@type":"Article","@id":"https:\/\/ekoselo-bih.com\/opcina-novo-sarajevo-2025\/#article","isPartOf":{"@id":"https:\/\/ekoselo-bih.com\/opcina-novo-sarajevo-2025\/"},"author":{"name":"Hamza Kar\u010di\u0107","@id":"https:\/\/ekoselo-bih.com\/#\/schema\/person\/a25eb4230871e202363f9547e4c0acc1"},"headline":"Uspje\u0161no organizovan jednodnevni izlet za goste Op\u0107ine Novo Sarajevo 2025.","datePublished":"2025-09-01T13:28:55+00:00","dateModified":"2025-09-01T13:32:39+00:00","mainEntityOfPage":{"@id":"https:\/\/ekoselo-bih.com\/opcina-novo-sarajevo-2025\/"},"wordCount":98,"publisher":{"@id":"https:\/\/ekoselo-bih.com\/#organization"},"image":{"@id":"https:\/\/ekoselo-bih.com\/opcina-novo-sarajevo-2025\/#primaryimage"},"thumbnailUrl":"https:\/\/ekoselo-bih.com\/wp-content\/uploads\/2025\/09\/opcinanovosarajevo.jpg.jpg","articleSection":["Eko Selo Bora\u010dko jezero"],"inLanguage":"en-US"},{"@type":"WebPage","@id":"https:\/\/ekoselo-bih.com\/opcina-novo-sarajevo-2025\/","url":"https:\/\/ekoselo-bih.com\/opcina-novo-sarajevo-2025\/","name":"Jednodnevni izlet Op\u0107ine Novo Sarajevo 2025.","isPartOf":{"@id":"https:\/\/ekoselo-bih.com\/#website"},"primaryImageOfPage":{"@id":"https:\/\/ekoselo-bih.com\/opcina-novo-sarajevo-2025\/#primaryimage"},"image":{"@id":"https:\/\/ekoselo-bih.com\/opcina-novo-sarajevo-2025\/#primaryimage"},"thumbnailUrl":"https:\/\/ekoselo-bih.com\/wp-content\/uploads\/2025\/09\/opcinanovosarajevo.jpg.jpg","datePublished":"2025-09-01T13:28:55+00:00","dateModified":"2025-09-01T13:32:39+00:00","description":"Posebnu zahvalnost upu\u0107ujemo na\u010delnici BenjaminI Kari\u0107 na ukazanom povjerenju i podr\u0161ci, kao i svim u\u010desnicima na pozitivi i dru\u017eenju.","breadcrumb":{"@id":"https:\/\/ekoselo-bih.com\/opcina-novo-sarajevo-2025\/#breadcrumb"},"inLanguage":"en-US","potentialAction":[{"@type":"ReadAction","target":["https:\/\/ekoselo-bih.com\/opcina-novo-sarajevo-2025\/"]}]},{"@type":"ImageObject","inLanguage":"en-US","@id":"https:\/\/ekoselo-bih.com\/opcina-novo-sarajevo-2025\/#primaryimage","url":"https:\/\/ekoselo-bih.com\/wp-content\/uploads\/2025\/09\/opcinanovosarajevo.jpg.jpg","contentUrl":"https:\/\/ekoselo-bih.com\/wp-content\/uploads\/2025\/09\/opcinanovosarajevo.jpg.jpg","width":1600,"height":1200},{"@type":"BreadcrumbList","@id":"https:\/\/ekoselo-bih.com\/opcina-novo-sarajevo-2025\/#breadcrumb","itemListElement":[{"@type":"ListItem","position":1,"name":"Home","item":"https:\/\/ekoselo-bih.com\/"},{"@type":"ListItem","position":2,"name":"Uspje\u0161no organizovan jednodnevni izlet za goste Op\u0107ine Novo Sarajevo 2025."}]},{"@type":"WebSite","@id":"https:\/\/ekoselo-bih.com\/#website","url":"https:\/\/ekoselo-bih.com\/","name":"EkoSelo Bora\u010dko jezero","description":"Posjetite EkoSelo Bora\u010dko jezero i do\u017eivite nezaboravan provod","publisher":{"@id":"https:\/\/ekoselo-bih.com\/#organization"},"potentialAction":[{"@type":"SearchAction","target":{"@type":"EntryPoint","urlTemplate":"https:\/\/ekoselo-bih.com\/?s={search_term_string}"},"query-input":{"@type":"PropertyValueSpecification","valueRequired":true,"valueName":"search_term_string"}}],"inLanguage":"en-US"},{"@type":"Organization","@id":"https:\/\/ekoselo-bih.com\/#organization","name":"EkoSelo Bora\u010dko jezero","url":"https:\/\/ekoselo-bih.com\/","logo":{"@type":"ImageObject","inLanguage":"en-US","@id":"https:\/\/ekoselo-bih.com\/#\/schema\/logo\/image\/","url":"https:\/\/ekoselo-bih.com\/wp-content\/uploads\/2020\/02\/logo-1.png","contentUrl":"https:\/\/ekoselo-bih.com\/wp-content\/uploads\/2020\/02\/logo-1.png","width":177,"height":109,"caption":"EkoSelo Bora\u010dko jezero"},"image":{"@id":"https:\/\/ekoselo-bih.com\/#\/schema\/logo\/image\/"},"sameAs":["https:\/\/www.facebook.com\/ekoselo.ba\/?epa=SEARCH_BOX","https:\/\/www.instagram.com\/ekoseloborackojezero\/"]},{"@type":"Person","@id":"https:\/\/ekoselo-bih.com\/#\/schema\/person\/a25eb4230871e202363f9547e4c0acc1","name":"Hamza Kar\u010di\u0107"}]}},"_links":{"self":[{"href":"https:\/\/ekoselo-bih.com\/en\/wp-json\/wp\/v2\/posts\/3723","targetHints":{"allow":["GET"]}}],"collection":[{"href":"https:\/\/ekoselo-bih.com\/en\/wp-json\/wp\/v2\/posts"}],"about":[{"href":"https:\/\/ekoselo-bih.com\/en\/wp-json\/wp\/v2\/types\/post"}],"author":[{"embeddable":true,"href":"https:\/\/ekoselo-bih.com\/en\/wp-json\/wp\/v2\/users\/1"}],"replies":[{"embeddable":true,"href":"https:\/\/ekoselo-bih.com\/en\/wp-json\/wp\/v2\/comments?post=3723"}],"version-history":[{"count":5,"href":"https:\/\/ekoselo-bih.com\/en\/wp-json\/wp\/v2\/posts\/3723\/revisions"}],"predecessor-version":[{"id":3734,"href":"https:\/\/ekoselo-bih.com\/en\/wp-json\/wp\/v2\/posts\/3723\/revisions\/3734"}],"wp:featuredmedia":[{"embeddable":true,"href":"https:\/\/ekoselo-bih.com\/en\/wp-json\/wp\/v2\/media\/3728"}],"wp:attachment":[{"href":"https:\/\/ekoselo-bih.com\/en\/wp-json\/wp\/v2\/media?parent=3723"}],"wp:term":[{"taxonomy":"category","embeddable":true,"href":"https:\/\/ekoselo-bih.com\/en\/wp-json\/wp\/v2\/categories?post=3723"},{"taxonomy":"post_tag","embeddable":true,"href":"https:\/\/ekoselo-bih.com\/en\/wp-json\/wp\/v2\/tags?post=3723"}],"curies":[{"name":"wp","href":"https:\/\/api.w.org\/{rel}","templated":true}]}}